{"id":14122,"date":"2023-11-22T07:00:00","date_gmt":"2023-11-22T12:00:00","guid":{"rendered":"https:\/\/simplified.com\/pt-blog\/?p=14122"},"modified":"2025-06-20T07:58:21","modified_gmt":"2025-06-20T11:58:21","slug":"identidade-visual-instagram","status":"publish","type":"post","link":"https:\/\/simplified.com\/pt-blog\/design\/identidade-visual-instagram","title":{"rendered":"Como criar uma Identidade Visual Instagram Incr\u00edvel | Passo a Passo | Simplified"},"content":{"rendered":"\n<p class=\" eplus-wrapper\">Com mais de um bilh\u00e3o de usu\u00e1rios ativos, o Instagram \u00e9 uma plataforma de m\u00eddia social incr\u00edvel para se destacar, seja voc\u00ea um indiv\u00edduo, uma marca ou uma empresa. Neste guia, voc\u00ea ir\u00e1 entender o que \u00e9 uma identidade visual <a href=\"https:\/\/simplified.com\/pt-blog\/design\/redimensionar-foto-para-instagram\/\" rel=\"noreferrer noopener\" target=\"_blank\">Instagram<\/a> e como voc\u00ea pode criar a sua.<\/p>\n\n\n<ul class=\" wp-block-list eplus-wrapper eplus-styles-uid-5c7efb\">\n<li class=\" eplus-wrapper\"><strong>Resumo<\/strong>: Uma identidade visual no Instagram \u00e9 uma estrat\u00e9gia que muitas <a href=\"https:\/\/simplified.com\/pt-blog\/gestao-de-marcas\/\" rel=\"noreferrer noopener\" target=\"_blank\">marcas<\/a> e blogueiras adotam para facilitarem a comunica\u00e7\u00e3o com o p\u00fablico e construir sua est\u00e9tica \u00fanica. Detalhamos as etapas pr\u00e1ticas para criar sua identidade visual, desde definir seu p\u00fablico-alvo at\u00e9 escolher paletas de cores, logotipos, tipografia e objetivos de marca. Oferecemos dicas para aprimorar sua identidade visual e compartilhamos exemplos de marcas no Instagram.<\/li>\n<\/ul>\n\n\n<h2 class=\" wp-block-heading eplus-wrapper\" id=\"h-o-que-e-uma-identidade-visual-instagram\"><strong>O que \u00e9 uma identidade visual Instagram?<\/strong><\/h2>\n\n\n\n<p class=\" eplus-wrapper\">Para come\u00e7ar, \u00e9 importante entender o conceito de identidade<a href=\"https:\/\/simplified.com\/pt-blog\/design\/tamanho-de-imagem-para-instagram\/\" rel=\"noreferrer noopener\" target=\"_blank\"> visual Instagram<\/a>.<\/p>\n\n\n\n<p class=\" eplus-wrapper\">No Instagram, a identidade visual \u00e9 a est\u00e9tica, o estilo visual que representa voc\u00ea ou sua marca.<\/p>\n\n\n\n<p class=\" eplus-wrapper\">\u00c9 como voc\u00ea se apresenta no mundo digital.<\/p>\n\n\n\n<p class=\" eplus-wrapper\">Ela inclui elementos como cores, <a href=\"https:\/\/simplified.com\/pt-blog\/design\/como-criar-um-logotipo\/\" rel=\"noreferrer noopener\" target=\"_blank\">logotipos<\/a>, tipografia que ir\u00e3o compor o layout do seu feed, seus <a href=\"https:\/\/simplified.com\/pt-blog\/design\/como-editar-stories-do-instagram\/\" rel=\"noreferrer noopener\" target=\"_blank\">stories<\/a> e seus <a href=\"https:\/\/simplified.com\/pt-blog\/midia-social\/tamanho-reels\/\" rel=\"noreferrer noopener\" target=\"_blank\">reels<\/a>.<\/p>\n\n\n\n<p class=\" eplus-wrapper\">Ter uma identidade visual bem definida \u00e9 essencial para criar uma conex\u00e3o instant\u00e2nea com seu p\u00fablico.<\/p>\n\n\n\n<h3 class=\" wp-block-heading eplus-wrapper\" id=\"h-por-que-criar-uma-identidade-visual-no-instagram\"><strong>Por que criar uma identidade visual no Instagram?<\/strong><\/h3>\n\n\n\n<p class=\" eplus-wrapper\">Esta plataforma \u00e9 uma das maiores <a href=\"https:\/\/simplified.com\/pt-social-media\/\" rel=\"noreferrer noopener\" target=\"_blank\">redes sociais<\/a> do mundo, o que a torna um lugar estrat\u00e9gico para expandir sua marca pessoal, empresa ou influ\u00eancia. Mas por que \u00e9 t\u00e3o crucial?<\/p>\n\n\n\n<p class=\" eplus-wrapper\">Imagine o Instagram como uma vitrine virtual. Com uma identidade visual Instagram s\u00f3lida, voc\u00ea pode chamar a aten\u00e7\u00e3o do usu\u00e1rio e fazer com que ele se identifique imediatamente com voc\u00ea.<\/p>\n\n\n\n<p class=\" eplus-wrapper\">Uma comunica\u00e7\u00e3o clara e visualmente atraente torna o consumo de conte\u00fado mais r\u00e1pido e eficiente. Isso \u00e9 important\u00edssimo para se destacar em meio ao mar de informa\u00e7\u00f5es nas redes sociais, principalmente se voc\u00ea \u00e9 uma marca ou influencer digital.<\/p>\n\n\n\n<h3 class=\" wp-block-heading eplus-wrapper\" id=\"h-como-criar-uma-identidade-visual-no-instagram\"><strong>Como criar uma identidade visual no Instagram<\/strong><\/h3>\n\n\n\n<p class=\" eplus-wrapper\">Agora, voc\u00ea ver\u00e1 as etapas pr\u00e1ticas para aprender como criar uma identidade visual no Instagram.<\/p>\n\n\n<ul class=\" wp-block-list eplus-wrapper eplus-styles-uid-df003b\">\n<li class=\" eplus-wrapper\"><strong>Defina seu p\u00fablico-alvo<\/strong><\/li>\n<\/ul>\n\n<ol class=\" wp-block-list eplus-wrapper eplus-styles-uid-727a25\">\n<li class=\" eplus-wrapper\">\n<\/ol>\n\n\n<p class=\" eplus-wrapper\">Antes de criar sua identidade visual Instagram, \u00e9 fundamental conhecer seu p\u00fablico. Quem s\u00e3o seus seguidores? Que tipo de conte\u00fado eles desejam ver? Compreender isso \u00e9 essencial para moldar sua identidade visual de acordo com suas prefer\u00eancias.<\/p>\n\n\n<ul class=\" wp-block-list eplus-wrapper eplus-styles-uid-a3f9be\">\n<li class=\" eplus-wrapper\"><strong>Paleta de cores<\/strong><\/li>\n<\/ul>\n\n<ol class=\" wp-block-list eplus-wrapper eplus-styles-uid-dc5b1d\">\n<li class=\" eplus-wrapper\">\n<\/ol>\n\n\n<p class=\" eplus-wrapper\">Escolha um conjunto de <a href=\"https:\/\/simplified.com\/pt-blog\/cores\/\" rel=\"noreferrer noopener\" target=\"_blank\">cores<\/a> que representem sua personalidade ou marca. Essas cores ser\u00e3o a base do seu <a href=\"https:\/\/simplified.com\/pt-blog\/design\/10-melhores-ferramentas-de-design-grafico\/\" rel=\"noreferrer noopener\" target=\"_blank\">design no Instagram<\/a>. Cores consistentes criam uma apar\u00eancia unificada.<\/p>\n\n\n<div class=\"wp-block-image \">\n<figure class=\"aligncenter eplus-wrapper\" id=\"paleta-de-cores\"><img decoding=\"async\" src=\"https:\/\/t10589978.p.clickup-attachments.com\/t10589978\/ba7694aa-1689-485d-8096-e861b7303698\/imagens-simplified-1%20(5).png\" alt=\"paleta de cores\" title=\"paleta de cores\"\/><figcaption class=\"wp-element-caption\">Fonte: Pexels<\/figcaption><\/figure>\n<\/div>\n\n<ul class=\" wp-block-list eplus-wrapper eplus-styles-uid-87b021\">\n<li class=\" eplus-wrapper\"><strong>Logotipo ou \u00edcone<\/strong><\/li>\n<\/ul>\n\n<ol class=\" wp-block-list eplus-wrapper eplus-styles-uid-ba2e2f\">\n<li class=\" eplus-wrapper\">\n<\/ol>\n\n\n<p class=\" eplus-wrapper\">Seja voc\u00ea um indiv\u00edduo ou uma empresa, um logotipo ou \u00edcone pode ajudar a identificar sua marca instantaneamente. Certifique-se de que ele esteja alinhado com sua identidade visual.<\/p>\n\n\n<ul class=\" wp-block-list eplus-wrapper eplus-styles-uid-82f8c5\">\n<li class=\" eplus-wrapper\"><strong>Tipografia<\/strong><\/li>\n<\/ul>\n\n<ol class=\" wp-block-list eplus-wrapper eplus-styles-uid-cf3a2f\">\n<li class=\" eplus-wrapper\">\n<\/ol>\n\n\n<p class=\" eplus-wrapper\">Escolha uma ou duas fontes que ser\u00e3o usadas em suas postagens. A consist\u00eancia na tipografia ajuda a manter a uniformidade visual.<\/p>\n\n\n<div class=\"wp-block-image \">\n<figure class=\"aligncenter eplus-wrapper\" id=\"tipografia\"><img decoding=\"async\" src=\"https:\/\/t10589978.p.clickup-attachments.com\/t10589978\/49ab2877-b62c-4724-87b1-462dc1d656af\/imagens-simplified-1%20(6).png\" alt=\"tipografia\" title=\"tipografia\"\/><figcaption class=\"wp-element-caption\">Fonte: Pexels<\/figcaption><\/figure>\n<\/div>\n\n<ul class=\" wp-block-list eplus-wrapper eplus-styles-uid-928e3b\">\n<li class=\" eplus-wrapper\"><strong>Mensagem de marca<\/strong><\/li>\n<\/ul>\n\n<ol class=\" wp-block-list eplus-wrapper eplus-styles-uid-adc48d\">\n<li class=\" eplus-wrapper\">\n<\/ol>\n\n\n<p class=\" eplus-wrapper\">Defina a mensagem que voc\u00ea deseja transmitir. \u00c9 sobre vender, atrair, convencer? Esta mensagem deve ser refletida em todo o seu conte\u00fado.<\/p>\n\n\n<ul class=\" wp-block-list eplus-wrapper eplus-styles-uid-0dc796\">\n<li class=\" eplus-wrapper\"><strong>Tipo de comunica\u00e7\u00e3o<\/strong><\/li>\n<\/ul>\n\n<ol class=\" wp-block-list eplus-wrapper eplus-styles-uid-e98d57\">\n<li class=\" eplus-wrapper\">\n<\/ol>\n\n\n<p class=\" eplus-wrapper\">Como voc\u00ea se comunica com seu p\u00fablico? De forma amig\u00e1vel, profissional, descontra\u00edda? A maneira como voc\u00ea se expressa faz parte da sua identidade visual.<\/p>\n\n\n<ul class=\" wp-block-list eplus-wrapper eplus-styles-uid-aa7306\">\n<li class=\" eplus-wrapper\"><strong>Objetivos da marca<\/strong><\/li>\n<\/ul>\n\n<ol class=\" wp-block-list eplus-wrapper eplus-styles-uid-17cc2e\">\n<li class=\" eplus-wrapper\">\n<\/ol>\n\n\n<p class=\" eplus-wrapper\">Defina claramente seus objetivos no Instagram. Quer vender produtos, atrair seguidores ou promover uma causa? Esses objetivos ajudar\u00e3o a guiar sua estrat\u00e9gia de conte\u00fado.<\/p>\n\n\n<ul class=\" wp-block-list eplus-wrapper eplus-styles-uid-17d81f\">\n<li class=\" eplus-wrapper\"><strong>Crie uma biografia atraente<\/strong><\/li>\n<\/ul>\n\n<ol class=\" wp-block-list eplus-wrapper eplus-styles-uid-6fba84\">\n<li class=\" eplus-wrapper\">\n<\/ol>\n\n\n<p class=\" eplus-wrapper\">Sua biografia \u00e9 seu cart\u00e3o de visita. Ela deve ser concisa, informativa e refletir sua identidade visual.<\/p>\n\n\n<div class=\"wp-block-image \">\n<figure class=\"aligncenter eplus-wrapper\" id=\"biografia-atraente\"><img decoding=\"async\" src=\"https:\/\/t10589978.p.clickup-attachments.com\/t10589978\/dfa9c997-db2b-4181-b5f3-8247ae5a4e2c\/Screenshot_20231014_112213_Instagram.jpg\" alt=\"biografia atraente\" title=\"biografia atraente\"\/><figcaption class=\"wp-element-caption\">Fonte: Instagram<\/figcaption><\/figure>\n<\/div>\n\n\n<p class=\" eplus-wrapper\"><\/p>\n\n\n<ul class=\" wp-block-list eplus-wrapper eplus-styles-uid-ace6ac\">\n<li class=\" eplus-wrapper\"><strong>Layout da Grade<\/strong><\/li>\n<\/ul>\n\n<ol class=\" wp-block-list eplus-wrapper eplus-styles-uid-d40dde\">\n<li class=\" eplus-wrapper\">\n<\/ol>\n\n\n<p class=\" eplus-wrapper\">Organize seu feed de forma a manter a coes\u00e3o visual. Pense em como suas postagens se encaixam para criar um feed esteticamente agrad\u00e1vel.<\/p>\n\n\n<div class=\"wp-block-image \">\n<figure class=\"aligncenter eplus-wrapper\" id=\"layout-de-grade\"><img decoding=\"async\" src=\"https:\/\/t10589978.p.clickup-attachments.com\/t10589978\/e82f5d3b-7322-44bb-8c6b-9e3875c417f3\/identidade%20visual%20instagram%20(2).png\" alt=\"layout de grade\" title=\"layout de grade\"\/><figcaption class=\"wp-element-caption\">Fonte: Pexels<\/figcaption><\/figure>\n<\/div>\n\n\n<p class=\" eplus-wrapper\"><\/p>\n\n\n\n<p class=\" eplus-wrapper\">Leia mais: <a href=\"https:\/\/simplified.com\/pt-blog\/video\/fontes-para-legenda\/\">Escolhendo as melhores fontes para legendas | Simplified<\/a><\/p>\n\n\n\n<h3 class=\" wp-block-heading eplus-wrapper\" id=\"h-dicas-para-melhorar-a-identidade-visual-do-instagram\"><strong>Dicas para melhorar a identidade visual do Instagram<\/strong><\/h3>\n\n\n\n<p class=\" eplus-wrapper\">Se voc\u00ea j\u00e1 possui uma identidade visual, aqui est\u00e3o algumas dicas extras para melhor\u00e1-la:<\/p>\n\n\n<ul class=\" wp-block-list eplus-wrapper eplus-styles-uid-9d4a53\">\n<li class=\" eplus-wrapper\"><strong>Estude marketing:<\/strong> Entender os princ\u00edpios de <a href=\"https:\/\/simplified.com\/pt-blog\/marketing\/\" rel=\"noreferrer noopener\" target=\"_blank\">marketing<\/a> ajudar\u00e1 voc\u00ea a promover sua identidade visual de forma eficaz.<\/li>\n\n\n\n<li class=\" eplus-wrapper\"><strong>Atualize seu p\u00fablico-alvo:<\/strong> Mantenha-se atualizado sobre as prefer\u00eancias do seu p\u00fablico e ajuste sua identidade visual conforme necess\u00e1rio.<\/li>\n\n\n\n<li class=\" eplus-wrapper\"><strong>N\u00e3o tenha medo de tentar coisas novas<\/strong>: A experimenta\u00e7\u00e3o de outros estilos pode ajudar voc\u00ea a entender qual identidade visual seu p\u00fablico se identifica mais.<\/li>\n\n\n\n<li class=\" eplus-wrapper\"><strong>Use plataformas gratuitas de design:<\/strong> H\u00e1 muitas ferramentas online gratuitas que podem ajudar na cria\u00e7\u00e3o de designs atraentes. Por exemplo, o Simplified, que possui uma <a href=\"https:\/\/simplified.com\/pt-graphic-design\/\" rel=\"noreferrer noopener\" target=\"_blank\">extensa biblioteca de design<\/a> para Instagram.<\/li>\n\n\n\n<li class=\" eplus-wrapper\"><strong>Organize suas postagens: <\/strong>Mantenha um calend\u00e1rio de postagens para manter a consist\u00eancia em sua identidade visual. O Simplified possui uma ferramenta f\u00e1cil de usar de <a href=\"https:\/\/simplified.com\/pt-blog\/midia-social\/agendar-post-no-instagram\/\" rel=\"noreferrer noopener\" target=\"_blank\">agendamento de posts<\/a> para te ajudar nisso.<\/li>\n<\/ul>\n\n\n<h3 class=\" wp-block-heading eplus-wrapper\" id=\"h-exemplos-de-identidade-visual-instagram\"><strong>Exemplos de Identidade Visual Instagram<\/strong><\/h3>\n\n\n<ul class=\" wp-block-list eplus-wrapper eplus-styles-uid-adcfba\">\n<li class=\" eplus-wrapper\"><strong>KitKat Brasil<\/strong><\/li>\n<\/ul>\n\n<ol class=\" wp-block-list eplus-wrapper eplus-styles-uid-ae4a5b\">\n<li class=\" eplus-wrapper\">\n<\/ol>\n\n\n<p class=\" eplus-wrapper\">A identidade visual do Instagram da KitKat complementa a sua paleta de cores vermelha, rosa e preto e todo o <a href=\"https:\/\/simplified.com\/pt-blog\/ai-escritora\/escrever-um-post-de-sucesso\/\" rel=\"noreferrer noopener\" target=\"_blank\">post<\/a> \u00e9 pensado em complet\u00e1-la.<\/p>\n\n\n\n<p class=\" eplus-wrapper\">A marca usa muito do elemento de celebridades ou pessoas, provavelmente para trazer uma sensa\u00e7\u00e3o na qual voc\u00ea consegue se identificar com a marca.<\/p>\n\n\n<div class=\"wp-block-image \">\n<figure class=\"aligncenter is-resized eplus-wrapper\" id=\"kitkat-brazil\"><img decoding=\"async\" src=\"https:\/\/t10589978.p.clickup-attachments.com\/t10589978\/dd42c092-cfb3-4819-b4a5-81c073732978\/identidade%20visual%20instagram4.jpg\" alt=\"kitkat brazil\" style=\"object-fit:contain;width:500px;height:250px\" title=\"kitkat brazil\"\/><figcaption class=\"wp-element-caption\">Fonte: Instagram<\/figcaption><\/figure>\n<\/div>\n\n\n<p class=\" eplus-wrapper\"><\/p>\n\n\n<ul class=\" wp-block-list eplus-wrapper eplus-styles-uid-1e5d23\">\n<li class=\" eplus-wrapper\"><strong>Ambev<\/strong><\/li>\n<\/ul>\n\n<ol class=\" wp-block-list eplus-wrapper eplus-styles-uid-e5bb2f\">\n<li class=\" eplus-wrapper\">\n<\/ol>\n\n\n<p class=\" eplus-wrapper\">A Ambev \u00e9 uma marca que possui uma tipografia definida e atraente e busca passar informa\u00e7\u00f5es e dados valiosos sobre o seu setor. A paleta de cores da marca \u00e9 observ\u00e1vel at\u00e9 mesmo nas <a href=\"https:\/\/simplified.com\/pt-blog\/gerador-de-imagem-ai\/usar-um-gerador-de-imagem\/\" rel=\"noreferrer noopener\" target=\"_blank\">imagens<\/a>, onde as pessoas usam roupas amarelas e azuis.<\/p>\n\n\n<div class=\"wp-block-image \">\n<figure class=\"aligncenter is-resized eplus-wrapper\" id=\"ambev\"><img decoding=\"async\" src=\"https:\/\/t10589978.p.clickup-attachments.com\/t10589978\/9085d7af-a678-4e52-99c4-c589df3805b7\/identidade%20visual%20instagram%20(2).jpg\" alt=\"ambev\" style=\"object-fit:contain;width:500px;height:250px\" title=\"ambev\"\/><figcaption class=\"wp-element-caption\">Fonte: Instagram<\/figcaption><\/figure>\n<\/div>\n\n\n<p class=\" eplus-wrapper\"><\/p>\n\n\n<ul class=\" wp-block-list eplus-wrapper eplus-styles-uid-63a938\">\n<li class=\" eplus-wrapper\"><strong>iFood<\/strong><\/li>\n<\/ul>\n\n<ol class=\" wp-block-list eplus-wrapper eplus-styles-uid-ef8fb1\">\n<li class=\" eplus-wrapper\">\n<\/ol>\n\n\n<p class=\" eplus-wrapper\">O iFood tamb\u00e9m traz a sua paleta ic\u00f4nica vermelha. Vermelho \u00e9 uma cor que pode criar a sensa\u00e7\u00e3o de fome para as pessoas, conforme a psicologia das cores. Aliado a isso, faz o uso de seus produtos na grade, quase como um cat\u00e1logo para o cliente observar.<\/p>\n\n\n<div class=\"wp-block-image \">\n<figure class=\"aligncenter is-resized eplus-wrapper\" id=\"ifood\"><img decoding=\"async\" src=\"https:\/\/t10589978.p.clickup-attachments.com\/t10589978\/f8b11a4b-1d1c-4933-a34d-3a313fafd935\/identidade%20visual%20instagram3.jpg\" alt=\"ifood\" style=\"object-fit:contain;width:500px;height:250px\" title=\"ifood\"\/><figcaption class=\"wp-element-caption\">Fonte: Instagram<\/figcaption><\/figure>\n<\/div>\n\n\n<p class=\" eplus-wrapper\"><\/p>\n\n\n<ul class=\" wp-block-list eplus-wrapper eplus-styles-uid-f0518f\">\n<li class=\" eplus-wrapper\"><strong>Granado<\/strong><\/li>\n<\/ul>\n\n<ol class=\" wp-block-list eplus-wrapper eplus-styles-uid-114d57\">\n<li class=\" eplus-wrapper\">\n<\/ol>\n\n\n<p class=\" eplus-wrapper\">A identidade visual Instagram da Granado \u00e9 mais sutil, usando fotos mais do que designs gr\u00e1ficos. Entre os objetivos da marca conseguimos identificar, atrav\u00e9s de seu feed, a miss\u00e3o de valorizar os produtos tradicionais da marca, trazer elementos de praia do Rio de Janeiro, que passam uma sensa\u00e7\u00e3o de bem-estar.<\/p>\n\n\n<div class=\"wp-block-image \">\n<figure class=\"aligncenter is-resized eplus-wrapper\" id=\"granado\"><img decoding=\"async\" src=\"https:\/\/t10589978.p.clickup-attachments.com\/t10589978\/a167210e-ebda-4d03-8bed-9a22a9120bad\/identidade%20visual%20instagram.jpg\" alt=\"granado\" style=\"object-fit:contain;width:500px;height:250px\" title=\"granado\"\/><figcaption class=\"wp-element-caption\">Fonte: Instagram<\/figcaption><\/figure>\n<\/div>\n\n\n<p class=\" eplus-wrapper\"><\/p>\n\n\n<ul class=\" wp-block-list eplus-wrapper eplus-styles-uid-33489d\">\n<li class=\" eplus-wrapper\"><strong>Nubank<\/strong><\/li>\n<\/ul>\n\n<ol class=\" wp-block-list eplus-wrapper eplus-styles-uid-695c63\">\n<li class=\" eplus-wrapper\">\n<\/ol>\n\n\n<p class=\" eplus-wrapper\">Outra marca cuja cor \u00e9 facilmente identific\u00e1vel \u00e9 o Nubank. Em seu feed, o Nubank trabalha muito o seu roxo marcante, junto com informa\u00e7\u00f5es importantes para os seus clientes.<\/p>\n\n\n<div class=\"wp-block-image \">\n<figure class=\"aligncenter is-resized eplus-wrapper\" id=\"nubank\"><img decoding=\"async\" src=\"https:\/\/t10589978.p.clickup-attachments.com\/t10589978\/3a3aec2f-aad1-4784-9aa6-e8f789caaf6f\/Screenshot_20231006_173745_Instagram.jpg\" alt=\"nubank\" style=\"object-fit:contain;width:500px;height:250px\" title=\"nubank\"\/><figcaption class=\"wp-element-caption\">Fonte: Instagram<\/figcaption><\/figure>\n<\/div>\n\n\n<p class=\" eplus-wrapper\"><\/p>\n\n\n<ul class=\" wp-block-list eplus-wrapper eplus-styles-uid-5f0a28\">\n<li class=\" eplus-wrapper\"><strong>MariMaria Makeup<\/strong><\/li>\n<\/ul>\n\n<ol class=\" wp-block-list eplus-wrapper eplus-styles-uid-6f2daf\">\n<li class=\" eplus-wrapper\">\n<\/ol>\n\n\n<p class=\" eplus-wrapper\">A marca de maquiagem MariMaria Makeup usa de um laranja forte em todo o seu feed. As imagens s\u00e3o em sua maioria de lan\u00e7amentos de produtos ou de blogueiros usando as maquiagens, agregando uma impress\u00e3o de qualidade para a marca.<\/p>\n\n\n<div class=\"wp-block-image \">\n<figure class=\"aligncenter is-resized eplus-wrapper\" id=\"marimaria-makeup\"><img decoding=\"async\" src=\"https:\/\/t10589978.p.clickup-attachments.com\/t10589978\/706e9838-9e3d-440d-9de3-635701f62cf8\/Screenshot_20231014_112227_Instagram.jpg\" alt=\"marimaria makeup\" style=\"object-fit:contain;width:500px;height:250px\" title=\"marimaria makeup\"\/><figcaption class=\"wp-element-caption\">Fonte: Instagram<\/figcaption><\/figure>\n<\/div>\n\n\n<p class=\" eplus-wrapper\"><\/p>\n\n\n\n<p class=\" eplus-wrapper\">Leia mais: <a href=\"https:\/\/simplified.com\/pt-blog\/midia-social\/notas-do-instagram\/\">Notas do Instagram: como us\u00e1-las do jeito certo? | Simplified<\/a><\/p>\n\n\n\n<h3 class=\" wp-block-heading eplus-wrapper\" id=\"h-sua-solucao-para-uma-identidade-visual-no-instagram-incrivel\"><strong>Sua Solu\u00e7\u00e3o para uma Identidade Visual no Instagram Incr\u00edvel<\/strong><\/h3>\n\n\n\n<p class=\" eplus-wrapper\">Agora que voc\u00ea aprendeu como criar identidade visual no Instagram, voc\u00ea precisa conhecer o Simplified.<\/p>\n\n\n\n<p class=\" eplus-wrapper\">Com o recurso de <a href=\"https:\/\/simplified.com\/graphic-design\/brand-kit\">kit de marca da Simplified<\/a>, voc\u00ea pode criar e manter uma identidade visual coesa com facilidade, abrangendo fontes, logotipos, imagens, <a href=\"https:\/\/simplified.com\/color-palettes\/\">paleta de cores<\/a> para Instagram e muito mais.<\/p>\n\n\n<div class=\"wp-block-image \">\n<figure class=\"aligncenter eplus-wrapper\" id=\"simplified\"><img decoding=\"async\" src=\"https:\/\/t10589978.p.clickup-attachments.com\/t10589978\/53d93901-8022-4c16-b5b1-603c4ea6cdc7\/image.png\" alt=\"simplified\" title=\"simplified\"\/><\/figure>\n<\/div>\n\n\n<div class=\"wp-block-stackable-call-to-action stk-block-call-to-action stk-block stk-10afd2c stk-block-background is-style-default stk--has-background-overlay\" data-v=\"2\" data-block-id=\"10afd2c\"><style>.stk-10afd2c{background-image:url(https:\/\/siteimages.simplified.com\/blog\/light-bg.png?auto=format&amp;ixlib=php-3.3.1) !important;border-radius:32px !important;overflow:hidden !important;margin-bottom:25px !important}.stk-10afd2c-container{background-color:#ffffffb3 !important;border-radius:30px !important;overflow:hidden !important;box-shadow:0px 70px 90px -20px rgba(72,73,121,0.30) !important}.stk-10afd2c-container:before{background-color:#ffffffb3 !important}<\/style><div class=\"stk-block-call-to-action__content stk-content-align stk-10afd2c-column stk-container stk-10afd2c-container\"><div class=\"has-text-align-center stk-block-content stk-inner-blocks stk-10afd2c-inner-blocks\">\n<h3 class=\" wp-block-heading eplus-wrapper\" id=\"h-construa-seu-kit-de-marca-de-graca\"><strong>Construa seu Kit de Marca de Gra\u00e7a<\/strong><\/h3>\n\n\n\n<div class=\"wp-block-stackable-button-group stk-block-button-group stk-block stk-fd6910d\" data-block-id=\"fd6910d\"><div class=\"stk-row stk-inner-blocks stk-block-content stk-button-group\">\n<div class=\"wp-block-stackable-button stk-block-button is-style-ghost stk-block stk-bdf0184\" data-block-id=\"bdf0184\"><style>.stk-bdf0184 .stk-button{background:#fcb900 !important;border-top-left-radius:8px !important;border-top-right-radius:8px !important;border-bottom-right-radius:8px !important;border-bottom-left-radius:8px !important}.stk-bdf0184 .stk-button:hover:after{background:transparent !important;opacity:1 !important}:where(.stk-hover-parent:hover,.stk-hover-parent.stk--is-hovered) .stk-bdf0184 .stk-button:after{background:transparent !important;opacity:1 !important}.stk-bdf0184 .stk-button:before{box-shadow:none !important;border-style:solid !important;border-color:#000000 !important;border-top-width:2px !important;border-right-width:2px !important;border-bottom-width:2px !important;border-left-width:2px !important}.stk-bdf0184 .stk-button__inner-text{color:#000000 !important;font-weight:bold !important}<\/style><a class=\"stk-link stk-button stk--hover-effect-darken\" href=\"https:\/\/app.simplified.com\/design\" target=\"_blank\" rel=\"noreferrer noopener\"><span class=\"has-text-color has-black-color stk-button__inner-text\">Comece gratuitamente<\/span><\/a><\/div>\n<\/div><\/div>\n<\/div><\/div><\/div>\n","protected":false},"excerpt":{"rendered":"<p>Com mais de um bilh\u00e3o de usu\u00e1rios ativos, o Instagram \u00e9 uma plataforma de m\u00eddia social incr\u00edvel para se destacar, seja voc\u00ea um indiv\u00edduo, uma marca ou uma empresa. Neste guia, voc\u00ea ir\u00e1 entender o que \u00e9 uma identidade visual Instagram e como voc\u00ea pode criar a sua. O que \u00e9 uma identidade visual Instagram? Para come\u00e7ar, \u00e9 importante entender o conceito de identidade visual Instagram. No Instagram, a identidade visual \u00e9 a est\u00e9tica, o estilo visual que representa voc\u00ea ou sua marca. \u00c9 como voc\u00ea se apresenta no mundo digital. Ela inclui elementos como cores, logotipos, tipografia que ir\u00e3o [&hellip;]<\/p>\n","protected":false},"author":16,"featured_media":14124,"comment_status":"closed","ping_status":"closed","sticky":false,"template":"","format":"standard","meta":{"editor_plus_copied_stylings":"{}","fifu_image_url":"","fifu_image_alt":"","footnotes":""},"categories":[1472],"tags":[1623,1622,1621],"class_list":{"0":"post-14122","1":"post","2":"type-post","3":"status-publish","4":"format-standard","5":"has-post-thumbnail","7":"category-design","8":"tag-como-criar-identidade-visual-no-instagram","9":"tag-como-criar-uma-identidade-visual-no-instagram","10":"tag-identidade-visual-paleta-de-cores-para-instagram","11":"post--single"},"featured_image_urls_v2":{"full":["https:\/\/siteimages.simplified.com\/blog\/Como-criar-uma-Identidade-Visual-Instagram-Incrivel-02.png?auto=compress&fm=png",3335,1667,false],"thumbnail":["https:\/\/siteimages.simplified.com\/blog\/Como-criar-uma-Identidade-Visual-Instagram-Incrivel-02.png?auto=compress&fit=crop&fm=png&h=150&w=150","150","150",true],"medium":["https:\/\/siteimages.simplified.com\/blog\/Como-criar-uma-Identidade-Visual-Instagram-Incrivel-02.png?auto=compress&fit=scale&fm=png&h=150&w=300",300,150,true],"medium_large":["https:\/\/siteimages.simplified.com\/blog\/Como-criar-uma-Identidade-Visual-Instagram-Incrivel-02.png?auto=compress&fit=scale&fm=png&h=384&w=768",768,384,true],"large":["https:\/\/siteimages.simplified.com\/blog\/Como-criar-uma-Identidade-Visual-Instagram-Incrivel-02.png?auto=compress&fit=scale&fm=png&h=512&w=1024",1024,512,true],"1536x1536":["https:\/\/siteimages.simplified.com\/blog\/Como-criar-uma-Identidade-Visual-Instagram-Incrivel-02.png?auto=compress&fit=scale&fm=png&h=768&w=1536",1536,768,true],"2048x2048":["https:\/\/siteimages.simplified.com\/blog\/Como-criar-uma-Identidade-Visual-Instagram-Incrivel-02.png?auto=compress&fit=scale&fm=png&h=1024&w=2048",2048,1024,true],"ceris-xxxs-1_1":["https:\/\/siteimages.simplified.com\/blog\/Como-criar-uma-Identidade-Visual-Instagram-Incrivel-02.png?auto=compress&fit=crop&fm=png&h=70&w=70",70,70,true],"ceris-xxs-4_3":["https:\/\/siteimages.simplified.com\/blog\/Como-criar-uma-Identidade-Visual-Instagram-Incrivel-02.png?auto=compress&fit=crop&fm=png&h=135&w=180",180,135,true],"ceris-xxs-1_1":["https:\/\/siteimages.simplified.com\/blog\/Como-criar-uma-Identidade-Visual-Instagram-Incrivel-02.png?auto=compress&fit=crop&fm=png&h=180&w=180",180,180,true],"ceris-xs-16_9 400x225":["https:\/\/siteimages.simplified.com\/blog\/Como-criar-uma-Identidade-Visual-Instagram-Incrivel-02.png?auto=compress&fit=crop&fm=png&h=225&w=400",400,225,true],"ceris-xs-4_3":["https:\/\/siteimages.simplified.com\/blog\/Como-criar-uma-Identidade-Visual-Instagram-Incrivel-02.png?auto=compress&fit=scale&fm=png&h=185&w=370",370,185,true],"ceris-xs-2_1":["https:\/\/siteimages.simplified.com\/blog\/Como-criar-uma-Identidade-Visual-Instagram-Incrivel-02.png?auto=compress&fit=crop&fm=png&h=200&w=400",400,200,true],"ceris-xs-1_1":["https:\/\/siteimages.simplified.com\/blog\/Como-criar-uma-Identidade-Visual-Instagram-Incrivel-02.png?auto=compress&fit=crop&fm=png&h=400&w=400",400,400,true],"ceris-xs-16_9":["https:\/\/siteimages.simplified.com\/blog\/Como-criar-uma-Identidade-Visual-Instagram-Incrivel-02.png?auto=compress&fit=crop&fm=png&h=338&w=600",600,338,true],"ceris-s-4_3":["https:\/\/siteimages.simplified.com\/blog\/Como-criar-uma-Identidade-Visual-Instagram-Incrivel-02.png?auto=compress&fit=crop&fm=png&h=450&w=600",600,450,true],"ceris-s-2_1":["https:\/\/siteimages.simplified.com\/blog\/Como-criar-uma-Identidade-Visual-Instagram-Incrivel-02.png?auto=compress&fit=crop&fm=png&h=300&w=600",600,300,true],"ceris-s-1_1":["https:\/\/siteimages.simplified.com\/blog\/Como-criar-uma-Identidade-Visual-Instagram-Incrivel-02.png?auto=compress&fit=crop&fm=png&h=600&w=600",600,600,true],"ceris-m-16_9":["https:\/\/siteimages.simplified.com\/blog\/Como-criar-uma-Identidade-Visual-Instagram-Incrivel-02.png?auto=compress&fit=crop&fm=png&h=450&w=800",800,450,true],"ceris-m-4_3":["https:\/\/siteimages.simplified.com\/blog\/Como-criar-uma-Identidade-Visual-Instagram-Incrivel-02.png?auto=compress&fit=crop&fm=png&h=600&w=800",800,600,true],"ceris-m-2_1":["https:\/\/siteimages.simplified.com\/blog\/Como-criar-uma-Identidade-Visual-Instagram-Incrivel-02.png?auto=compress&fit=crop&fm=png&h=400&w=800",800,400,true],"ceris-m-auto":["https:\/\/siteimages.simplified.com\/blog\/Como-criar-uma-Identidade-Visual-Instagram-Incrivel-02.png?auto=compress&fit=scale&fm=png&h=400&w=800",800,400,true],"ceris-l-16_9":["https:\/\/siteimages.simplified.com\/blog\/Como-criar-uma-Identidade-Visual-Instagram-Incrivel-02.png?auto=compress&fit=crop&fm=png&h=675&w=1200",1200,675,true],"ceris-l-4_3":["https:\/\/siteimages.simplified.com\/blog\/Como-criar-uma-Identidade-Visual-Instagram-Incrivel-02.png?auto=compress&fit=crop&fm=png&h=900&w=1200",1200,900,true],"ceris-l-2_1":["https:\/\/siteimages.simplified.com\/blog\/Como-criar-uma-Identidade-Visual-Instagram-Incrivel-02.png?auto=compress&fit=crop&fm=png&h=600&w=1200",1200,600,true],"ceris-xl-16_9":["https:\/\/siteimages.simplified.com\/blog\/Como-criar-uma-Identidade-Visual-Instagram-Incrivel-02.png?auto=compress&fit=crop&fm=png&h=900&w=1600",1600,900,true],"ceris-xl-4_3":["https:\/\/siteimages.simplified.com\/blog\/Como-criar-uma-Identidade-Visual-Instagram-Incrivel-02.png?auto=compress&fit=crop&fm=png&h=1200&w=1600",1600,1200,true],"ceris-xl-2_1":["https:\/\/siteimages.simplified.com\/blog\/Como-criar-uma-Identidade-Visual-Instagram-Incrivel-02.png?auto=compress&fit=crop&fm=png&h=800&w=1600",1600,800,true],"ceris-xxl":["https:\/\/siteimages.simplified.com\/blog\/Como-criar-uma-Identidade-Visual-Instagram-Incrivel-02.png?auto=compress&fit=crop&fm=png&h=1125&w=2000",2000,1125,true],"bdpp-medium":["https:\/\/siteimages.simplified.com\/blog\/Como-criar-uma-Identidade-Visual-Instagram-Incrivel-02.png?auto=compress&fit=crop&fm=png&h=480&w=640",640,480,true]},"post_excerpt_stackable_v2":"<p>Com mais de um bilh\u00e3o de usu\u00e1rios ativos, o Instagram \u00e9 uma plataforma de m\u00eddia social incr\u00edvel para se destacar, seja voc\u00ea um indiv\u00edduo, uma marca ou uma empresa. Neste guia, voc\u00ea ir\u00e1 entender o que \u00e9 uma identidade visual Instagram e como voc\u00ea pode criar a sua. Resumo: Uma identidade visual no Instagram \u00e9 uma estrat\u00e9gia que muitas marcas e blogueiras adotam para facilitarem a comunica\u00e7\u00e3o com o p\u00fablico e construir sua est\u00e9tica \u00fanica. Detalhamos as etapas pr\u00e1ticas para criar sua identidade visual, desde definir seu p\u00fablico-alvo at\u00e9 escolher paletas de cores, logotipos, tipografia e objetivos de marca. Oferecemos&hellip;<\/p>\n","category_list_v2":"<a href=\"https:\/\/simplified.com\/pt-blog\/design\" rel=\"category tag\">Design<\/a>","author_info_v2":{"name":"Shubham Kulkarni","url":"https:\/\/simplified.com\/pt-blog\/author\/shubhamkulkarni"},"comments_num_v2":"0 comments","yoast_head":"<!-- This site is optimized with the Yoast SEO Premium plugin v21.4 (Yoast SEO v27.4) - https:\/\/yoast.com\/product\/yoast-seo-premium-wordpress\/ -->\n<title>Como criar uma Identidade Visual Instagram Incr\u00edvel<\/title>\n<meta name=\"description\" content=\"Aprenda a criar uma identidade visual Instagram incr\u00edvel e \u00fanica para seu perfil do insta, seja ele uma marca ou blog pessoal. Veja dicas e um guia pr\u00e1tico para desenvolver sua identidade visual!\" \/>\n<meta name=\"robots\" content=\"index, follow, max-snippet:-1, max-image-preview:large, max-video-preview:-1\" \/>\n<link rel=\"canonical\" href=\"https:\/\/simplified.com\/pt\/blog\/design\/identidade-visual-instagram\" \/>\n<meta property=\"og:locale\" content=\"en_US\" \/>\n<meta property=\"og:type\" content=\"article\" \/>\n<meta property=\"og:title\" content=\"Como criar uma Identidade Visual Instagram Incr\u00edvel\" \/>\n<meta property=\"og:description\" content=\"Aprenda a criar uma identidade visual Instagram incr\u00edvel e \u00fanica para seu perfil do insta, seja ele uma marca ou blog pessoal. Veja dicas e um guia pr\u00e1tico para desenvolver sua identidade visual!\" \/>\n<meta property=\"og:url\" content=\"https:\/\/simplified.com\/pt\/blog\/design\/identidade-visual-instagram\" \/>\n<meta property=\"og:site_name\" content=\"Blog Em Portugues | Simplified\" \/>\n<meta property=\"article:publisher\" content=\"https:\/\/www.facebook.com\/sosimplified\" \/>\n<meta property=\"article:author\" content=\"https:\/\/www.facebook.com\/sosimplified\" \/>\n<meta property=\"article:published_time\" content=\"2023-11-22T12:00:00+00:00\" \/>\n<meta property=\"article:modified_time\" content=\"2025-06-20T11:58:21+00:00\" \/>\n<meta property=\"og:image\" content=\"https:\/\/siteimages.simplified.com\/blog\/Como-criar-uma-Identidade-Visual-Instagram-Incrivel-02.png?auto=compress&fm=png\" \/>\n\t<meta property=\"og:image:width\" content=\"3335\" \/>\n\t<meta property=\"og:image:height\" content=\"1667\" \/>\n\t<meta property=\"og:image:type\" content=\"image\/png\" \/>\n<meta name=\"author\" content=\"Shubham Kulkarni\" \/>\n<meta name=\"twitter:card\" content=\"summary_large_image\" \/>\n<meta name=\"twitter:title\" content=\"Como criar uma Identidade Visual Instagram Incr\u00edvel\" \/>\n<meta name=\"twitter:description\" content=\"Aprenda a criar uma identidade visual Instagram incr\u00edvel e \u00fanica para seu perfil do insta, seja ele uma marca ou blog pessoal. Veja dicas e um guia pr\u00e1tico para desenvolver sua identidade visual!\" \/>\n<meta name=\"twitter:creator\" content=\"@https:\/\/twitter.com\/sosimplified\" \/>\n<meta name=\"twitter:site\" content=\"@sosimplified\" \/>\n<meta name=\"twitter:label1\" content=\"Written by\" \/>\n\t<meta name=\"twitter:data1\" content=\"Shubham Kulkarni\" \/>\n\t<meta name=\"twitter:label2\" content=\"Est. reading time\" \/>\n\t<meta name=\"twitter:data2\" content=\"8 minutes\" \/>\n<!-- \/ Yoast SEO Premium plugin. -->","yoast_head_json":{"title":"Como criar uma Identidade Visual Instagram Incr\u00edvel","description":"Aprenda a criar uma identidade visual Instagram incr\u00edvel e \u00fanica para seu perfil do insta, seja ele uma marca ou blog pessoal. Veja dicas e um guia pr\u00e1tico para desenvolver sua identidade visual!","robots":{"index":"index","follow":"follow","max-snippet":"max-snippet:-1","max-image-preview":"max-image-preview:large","max-video-preview":"max-video-preview:-1"},"canonical":"https:\/\/simplified.com\/pt\/blog\/design\/identidade-visual-instagram","og_locale":"en_US","og_type":"article","og_title":"Como criar uma Identidade Visual Instagram Incr\u00edvel","og_description":"Aprenda a criar uma identidade visual Instagram incr\u00edvel e \u00fanica para seu perfil do insta, seja ele uma marca ou blog pessoal. Veja dicas e um guia pr\u00e1tico para desenvolver sua identidade visual!","og_url":"https:\/\/simplified.com\/pt\/blog\/design\/identidade-visual-instagram","og_site_name":"Blog Em Portugues | Simplified","article_publisher":"https:\/\/www.facebook.com\/sosimplified","article_author":"https:\/\/www.facebook.com\/sosimplified","article_published_time":"2023-11-22T12:00:00+00:00","article_modified_time":"2025-06-20T11:58:21+00:00","og_image":[{"width":3335,"height":1667,"url":"https:\/\/siteimages.simplified.com\/blog\/Como-criar-uma-Identidade-Visual-Instagram-Incrivel-02.png?auto=compress&fm=png","type":"image\/png"}],"author":"Shubham Kulkarni","twitter_card":"summary_large_image","twitter_title":"Como criar uma Identidade Visual Instagram Incr\u00edvel","twitter_description":"Aprenda a criar uma identidade visual Instagram incr\u00edvel e \u00fanica para seu perfil do insta, seja ele uma marca ou blog pessoal. Veja dicas e um guia pr\u00e1tico para desenvolver sua identidade visual!","twitter_creator":"@https:\/\/twitter.com\/sosimplified","twitter_site":"@sosimplified","twitter_misc":{"Written by":"Shubham Kulkarni","Est. reading time":"8 minutes"},"schema":{"@context":"https:\/\/schema.org","@graph":[{"@type":"Article","@id":"https:\/\/simplified.com\/pt\/blog\/design\/identidade-visual-instagram#article","isPartOf":{"@id":"https:\/\/simplified.com\/pt-blog\/design\/identidade-visual-instagram"},"author":{"name":"Shubham Kulkarni","@id":"https:\/\/simplified.com\/pt-blog\/#\/schema\/person\/380385f9e96e19336e287c1b88d96c36"},"headline":"Como criar uma Identidade Visual Instagram Incr\u00edvel | Passo a Passo | Simplified","datePublished":"2023-11-22T12:00:00+00:00","dateModified":"2025-06-20T11:58:21+00:00","mainEntityOfPage":{"@id":"https:\/\/simplified.com\/pt-blog\/design\/identidade-visual-instagram"},"wordCount":1166,"publisher":{"@id":"https:\/\/simplified.com\/pt-blog\/#organization"},"image":{"@id":"https:\/\/simplified.com\/pt\/blog\/design\/identidade-visual-instagram#primaryimage"},"thumbnailUrl":"https:\/\/siteimages.simplified.com\/blog\/Como-criar-uma-Identidade-Visual-Instagram-Incrivel-02.png?auto=compress&fm=png","keywords":["como criar identidade visual no instagram","como criar uma identidade visual no instagram","identidade visual paleta de cores para instagram"],"articleSection":["Design"],"inLanguage":"en-US"},{"@type":"WebPage","@id":"https:\/\/simplified.com\/pt-blog\/design\/identidade-visual-instagram","url":"https:\/\/simplified.com\/pt\/blog\/design\/identidade-visual-instagram","name":"Como criar uma Identidade Visual Instagram Incr\u00edvel","isPartOf":{"@id":"https:\/\/simplified.com\/pt-blog\/#website"},"primaryImageOfPage":{"@id":"https:\/\/simplified.com\/pt\/blog\/design\/identidade-visual-instagram#primaryimage"},"image":{"@id":"https:\/\/simplified.com\/pt\/blog\/design\/identidade-visual-instagram#primaryimage"},"thumbnailUrl":"https:\/\/siteimages.simplified.com\/blog\/Como-criar-uma-Identidade-Visual-Instagram-Incrivel-02.png?auto=compress&fm=png","datePublished":"2023-11-22T12:00:00+00:00","dateModified":"2025-06-20T11:58:21+00:00","description":"Aprenda a criar uma identidade visual Instagram incr\u00edvel e \u00fanica para seu perfil do insta, seja ele uma marca ou blog pessoal. Veja dicas e um guia pr\u00e1tico para desenvolver sua identidade visual!","breadcrumb":{"@id":"https:\/\/simplified.com\/pt\/blog\/design\/identidade-visual-instagram#breadcrumb"},"inLanguage":"en-US","potentialAction":[{"@type":"ReadAction","target":["https:\/\/simplified.com\/pt\/blog\/design\/identidade-visual-instagram"]}]},{"@type":"ImageObject","inLanguage":"en-US","@id":"https:\/\/simplified.com\/pt\/blog\/design\/identidade-visual-instagram#primaryimage","url":"https:\/\/siteimages.simplified.com\/blog\/Como-criar-uma-Identidade-Visual-Instagram-Incrivel-02.png?auto=compress&fm=png","contentUrl":"https:\/\/siteimages.simplified.com\/blog\/Como-criar-uma-Identidade-Visual-Instagram-Incrivel-02.png?auto=compress&fm=png","width":3335,"height":1667,"caption":"simplified"},{"@type":"BreadcrumbList","@id":"https:\/\/simplified.com\/pt\/blog\/design\/identidade-visual-instagram#breadcrumb","itemListElement":[{"@type":"ListItem","position":1,"name":"Lar","item":"https:\/\/simplified.com\/pt-blog\/"},{"@type":"ListItem","position":2,"name":"Design","item":"https:\/\/simplified.com\/pt-blog\/design"},{"@type":"ListItem","position":3,"name":"Como criar uma Identidade Visual Instagram Incr\u00edvel | Passo a Passo | Simplified"}]},{"@type":"WebSite","@id":"https:\/\/simplified.com\/pt-blog\/#website","url":"https:\/\/simplified.com\/pt-blog\/","name":"Blog Em Portugues | Simplified","description":"Tudo AI - design gr\u00e1fico, edi\u00e7\u00e3o de v\u00eddeo, direitos autorais, m\u00eddia social com simplificado","publisher":{"@id":"https:\/\/simplified.com\/pt-blog\/#organization"},"potentialAction":[{"@type":"SearchAction","target":{"@type":"EntryPoint","urlTemplate":"https:\/\/simplified.com\/pt-blog\/?s={search_term_string}"},"query-input":{"@type":"PropertyValueSpecification","valueRequired":true,"valueName":"search_term_string"}}],"inLanguage":"en-US"},{"@type":"Organization","@id":"https:\/\/simplified.com\/pt-blog\/#organization","name":"Simplified","url":"https:\/\/simplified.com\/pt-blog\/","logo":{"@type":"ImageObject","inLanguage":"en-US","@id":"https:\/\/simplified.com\/pt-blog\/#\/schema\/logo\/image\/","url":"https:\/\/pt-blog.simplified.com\/wp-content\/uploads\/2021\/08\/Simplified-logo-small.jpeg","contentUrl":"https:\/\/pt-blog.simplified.com\/wp-content\/uploads\/2021\/08\/Simplified-logo-small.jpeg","width":200,"height":200,"caption":"Simplified"},"image":{"@id":"https:\/\/simplified.com\/pt-blog\/#\/schema\/logo\/image\/"},"sameAs":["https:\/\/www.facebook.com\/sosimplified","https:\/\/x.com\/sosimplified","https:\/\/www.instagram.com\/simplified.app\/","https:\/\/www.linkedin.com\/company\/sosimplified\/","https:\/\/www.tiktok.com\/@sosimplified","https:\/\/www.youtube.com\/c\/sosimplified"]},{"@type":"Person","@id":"https:\/\/simplified.com\/pt-blog\/#\/schema\/person\/380385f9e96e19336e287c1b88d96c36","name":"Shubham Kulkarni","image":{"@type":"ImageObject","inLanguage":"en-US","@id":"https:\/\/secure.gravatar.com\/avatar\/7395ef05837ac643912e62e841164b251ff9d4709c54129d6cba4d3eaac96679?s=96&d=mm&r=g","url":"https:\/\/secure.gravatar.com\/avatar\/7395ef05837ac643912e62e841164b251ff9d4709c54129d6cba4d3eaac96679?s=96&d=mm&r=g","contentUrl":"https:\/\/secure.gravatar.com\/avatar\/7395ef05837ac643912e62e841164b251ff9d4709c54129d6cba4d3eaac96679?s=96&d=mm&r=g","caption":"Shubham Kulkarni"},"description":"Design, Write, Edit videos, and Publish Content. Built For Teams.","sameAs":["https:\/\/simplified.com","https:\/\/www.facebook.com\/sosimplified","https:\/\/www.instagram.com\/simplified.app\/","https:\/\/www.linkedin.com\/company\/sosimplified\/","https:\/\/x.com\/https:\/\/twitter.com\/sosimplified"],"url":"https:\/\/simplified.com\/pt-blog\/author\/shubhamkulkarni"}]}},"_links":{"self":[{"href":"https:\/\/pt-blog.simplified.com\/pt-blog\/wp-json\/wp\/v2\/posts\/14122","targetHints":{"allow":["GET"]}}],"collection":[{"href":"https:\/\/pt-blog.simplified.com\/pt-blog\/wp-json\/wp\/v2\/posts"}],"about":[{"href":"https:\/\/pt-blog.simplified.com\/pt-blog\/wp-json\/wp\/v2\/types\/post"}],"author":[{"embeddable":true,"href":"https:\/\/pt-blog.simplified.com\/pt-blog\/wp-json\/wp\/v2\/users\/16"}],"replies":[{"embeddable":true,"href":"https:\/\/pt-blog.simplified.com\/pt-blog\/wp-json\/wp\/v2\/comments?post=14122"}],"version-history":[{"count":0,"href":"https:\/\/pt-blog.simplified.com\/pt-blog\/wp-json\/wp\/v2\/posts\/14122\/revisions"}],"wp:featuredmedia":[{"embeddable":true,"href":"https:\/\/pt-blog.simplified.com\/pt-blog\/wp-json\/wp\/v2\/media\/14124"}],"wp:attachment":[{"href":"https:\/\/pt-blog.simplified.com\/pt-blog\/wp-json\/wp\/v2\/media?parent=14122"}],"wp:term":[{"taxonomy":"category","embeddable":true,"href":"https:\/\/pt-blog.simplified.com\/pt-blog\/wp-json\/wp\/v2\/categories?post=14122"},{"taxonomy":"post_tag","embeddable":true,"href":"https:\/\/pt-blog.simplified.com\/pt-blog\/wp-json\/wp\/v2\/tags?post=14122"}],"curies":[{"name":"wp","href":"https:\/\/api.w.org\/{rel}","templated":true}]}}