{"id":14292,"date":"2024-01-13T12:00:00","date_gmt":"2024-01-13T17:00:00","guid":{"rendered":"https:\/\/simplified.com\/pt-blog\/?p=14292"},"modified":"2025-06-20T07:46:09","modified_gmt":"2025-06-20T11:46:09","slug":"capa-para-facebook","status":"publish","type":"post","link":"https:\/\/simplified.com\/pt-blog\/design\/capa-para-facebook","title":{"rendered":"Capa para Facebook: Tamanho, como criar e Templates Gratuitos | Simplified"},"content":{"rendered":"\n<p class=\" eplus-wrapper\">Uma <a href=\"https:\/\/simplified.com\/create\/facebook-covers\" rel=\"noreferrer noopener\" target=\"_blank\">capa para Facebook<\/a> desempenha um papel importante na personaliza\u00e7\u00e3o de seu perfil ou p\u00e1gina na plataforma de m\u00eddia social mais popular do mundo. Se voc\u00ea est\u00e1 gerenciando um perfil pessoal ou uma p\u00e1gina de neg\u00f3cios, entender como criar sua capa \u00e9 essencial para causar uma \u00f3tima primeira impress\u00e3o.<\/p>\n\n\n\n<p class=\" eplus-wrapper\">Neste guia completo, iremos fornecer todas as informa\u00e7\u00f5es que voc\u00ea precisa sobre as capas do <a href=\"https:\/\/simplified.com\/create\/facebook-posts\" rel=\"noreferrer noopener\" target=\"_blank\">Facebook<\/a>, desde o tamanho correto at\u00e9 dicas para projet\u00e1-las de maneira eficaz. Al\u00e9m disso, apresentaremos um passo a passo pr\u00e1tico e simples de como criar a sua capa para Facebook!<\/p>\n\n\n\n<p class=\" eplus-wrapper\">Se voc\u00ea deseja criar uma capa impressionante para seu perfil ou p\u00e1gina do Facebook, continue lendo para descobrir tudo o que voc\u00ea precisa saber.<\/p>\n\n\n\n<h2 class=\" wp-block-heading eplus-wrapper\" id=\"h-qual-o-tamanho-da-capa-do-facebook\"><strong>Qual o tamanho da Capa do Facebook?<\/strong><\/h2>\n\n\n\n<p class=\" eplus-wrapper\">Uma das primeiras coisas que voc\u00ea deve saber ao criar uma capa para o Facebook \u00e9 o tamanho correto. Isso garante que sua imagem se ajuste perfeitamente ao espa\u00e7o designado, evitando recortes indesejados.<\/p>\n\n\n\n<p class=\" eplus-wrapper\">O <a href=\"https:\/\/simplified.com\/pt-blog\/design\/recortar-uma-imagem\/\" rel=\"noreferrer noopener\" target=\"_blank\">tamanho padr\u00e3o<\/a> recomendado da capa para Facebook \u00e9 de 820 pixels de largura por 312 pixels de altura.<\/p>\n\n\n\n<p class=\" eplus-wrapper\">Manter esse tamanho garantir\u00e1 que sua capa seja exibida com clareza em dispositivos desktop e m\u00f3veis, criando uma experi\u00eancia consistente para seus visitantes.<\/p>\n\n\n\n<p class=\" eplus-wrapper\">A seguir, exploraremos a import\u00e2ncia das capas do Facebook e o que elas devem conter para chamar a aten\u00e7\u00e3o do seu p\u00fablico.<\/p>\n\n\n\n<h2 class=\" wp-block-heading eplus-wrapper\" id=\"h-o-que-precisa-ter-em-uma-capa-para-facebook-de-sucesso\"><strong>O que precisa ter em uma capa para Facebook de sucesso?<\/strong><\/h2>\n\n\n\n<p class=\" eplus-wrapper\">A capa para Facebook \u00e9 uma pe\u00e7a central na sua estrat\u00e9gia de comunica\u00e7\u00e3o visual. Ela desempenha um papel crucial na forma como voc\u00ea se apresenta aos seus seguidores, clientes e visitantes.<\/p>\n\n\n\n<p class=\" eplus-wrapper\">Aqui est\u00e3o alguns elementos-chave que devem estar presentes em sua capa:<\/p>\n\n\n<ul class=\" wp-block-list eplus-wrapper eplus-styles-uid-9fcb0f\">\n<li class=\" eplus-wrapper\"><strong>Imagem de Destaque<\/strong><\/li>\n<\/ul>\n\n\n<p class=\" eplus-wrapper\">A imagem de capa \u00e9 a primeira coisa que os visitantes ver\u00e3o em sua p\u00e1gina. Certifique-se de escolher uma imagem de alta qualidade que represente sua <a href=\"https:\/\/simplified.com\/pt-blog\/gestao-de-marcas\/\" rel=\"noreferrer noopener\" target=\"_blank\">marca<\/a> ou mensagem de forma clara e atraente.<\/p>\n\n\n<div class=\"wp-block-image \">\n<figure class=\"aligncenter size-large is-resized eplus-wrapper\"><img loading=\"lazy\" decoding=\"async\" width=\"2460\" height=\"936\" src=\"https:\/\/siteimages.simplified.com\/blog\/fashion-for-her-facebook-covers-1-1.png?auto=compress&fm=png\" alt=\"Imagem de Destaque\" class=\"wp-image-14293\" style=\"aspect-ratio:2.628205128205128;width:418px;height:auto\"\/><\/figure>\n<\/div>\n\n\n<p class=\" has-text-align-center eplus-wrapper\">Fonte: Simplified<\/p>\n\n\n<ul class=\" wp-block-list eplus-wrapper eplus-styles-uid-62a3eb\">\n<li class=\" eplus-wrapper\"><strong>Texto Descritivo<\/strong><\/li>\n<\/ul>\n\n\n<p class=\" eplus-wrapper\">Adicionar um <a href=\"https:\/\/simplified.com\/pt-blog\/ai-escritora\/criar-um-bom-titulo\/\" rel=\"noreferrer noopener\" target=\"_blank\">t\u00edtulo chamativo<\/a> e um texto descritivo \u00e0 sua capa pode ajudar a explicar o prop\u00f3sito da sua p\u00e1gina ou destacar informa\u00e7\u00f5es importantes.<\/p>\n\n\n\n<p class=\" eplus-wrapper\">Use fontes leg\u00edveis e cores que se destaquem na imagem de fundo.<\/p>\n\n\n\n<p class=\" eplus-wrapper\">Experimente o <a href=\"https:\/\/simplified.com\/pt-ai-writer\/\" rel=\"noreferrer noopener\" target=\"_blank\">gerador de texto<\/a> com intelig\u00eancia artificial gratuito do Simplified.<\/p>\n\n\n<div class=\"wp-block-image \">\n<figure class=\"aligncenter size-large is-resized eplus-wrapper\"><img loading=\"lazy\" decoding=\"async\" width=\"2460\" height=\"936\" src=\"https:\/\/siteimages.simplified.com\/blog\/1-3-1.png?auto=compress&fm=png\" alt=\"Texto Descritivo\" class=\"wp-image-14294\" style=\"aspect-ratio:2.628205128205128;width:420px;height:auto\"\/><\/figure>\n<\/div>\n\n\n<p class=\" has-text-align-center eplus-wrapper\">Fonte: Simplified<\/p>\n\n\n<ul class=\" wp-block-list eplus-wrapper eplus-styles-uid-efd55f\">\n<li class=\" eplus-wrapper\"><strong>Logotipo ou Identidade Visual<\/strong><\/li>\n<\/ul>\n\n\n<p class=\" eplus-wrapper\">Incluir seu <a href=\"https:\/\/simplified.com\/pt-blog\/design\/tipos-de-letras-para-logos\/\" rel=\"noreferrer noopener\" target=\"_blank\">logotipo <\/a>ou outros elementos de identidade visual da sua marca \u00e9 uma pr\u00e1tica comum no <a href=\"https:\/\/simplified.com\/pt-blog\/marketing\/\" rel=\"noreferrer noopener\" target=\"_blank\">marketing<\/a> de redes sociais. Isso ajuda a fortalecer o reconhecimento da marca entre os visitantes.<\/p>\n\n\n<div class=\"wp-block-image \">\n<figure class=\"aligncenter size-large is-resized eplus-wrapper\"><img loading=\"lazy\" decoding=\"async\" width=\"2460\" height=\"936\" src=\"https:\/\/siteimages.simplified.com\/blog\/4-3-1.png?auto=compress&fm=png\" alt=\"Logotipo ou Identidade Visual\" class=\"wp-image-14295\" style=\"aspect-ratio:2.628205128205128;width:418px;height:auto\"\/><\/figure>\n<\/div>\n\n\n<p class=\" has-text-align-center eplus-wrapper\">Fonte: Simplified<\/p>\n\n\n<ul class=\" wp-block-list eplus-wrapper eplus-styles-uid-8f254c\">\n<li class=\" eplus-wrapper\"><strong>Cores da Marca<\/strong><\/li>\n<\/ul>\n\n\n<p class=\" eplus-wrapper\">Certifique-se de que as <a href=\"https:\/\/simplified.com\/pt-blog\/cores\/\" rel=\"noreferrer noopener\" target=\"_blank\">cores<\/a> usadas na capa para Facebook estejam alinhadas com a paleta de cores da sua marca. Isso cria uma consist\u00eancia visual que \u00e9 fundamental para o reconhecimento da marca.<\/p>\n\n\n<div class=\"wp-block-image \">\n<figure class=\"aligncenter size-large is-resized eplus-wrapper\"><img loading=\"lazy\" decoding=\"async\" width=\"2460\" height=\"936\" src=\"https:\/\/siteimages.simplified.com\/blog\/2-5-1.png?auto=compress&fm=png\" alt=\"Cores da Marca\" class=\"wp-image-14296\" style=\"aspect-ratio:2.628205128205128;width:440px;height:auto\"\/><\/figure>\n<\/div>\n\n\n<p class=\" has-text-align-center eplus-wrapper\">Fonte: Simplified<\/p>\n\n\n<ul class=\" wp-block-list eplus-wrapper eplus-styles-uid-01455d\">\n<li class=\" eplus-wrapper\"><strong>Informa\u00e7\u00f5es de Contato ou Redes Sociais<\/strong><\/li>\n<\/ul>\n\n\n<p class=\" eplus-wrapper\">Se voc\u00ea deseja que os visitantes entrem em contato com voc\u00ea ou sigam suas <a href=\"https:\/\/simplified.com\/pt-blog\/midia-social\/\" rel=\"noreferrer noopener\" target=\"_blank\">redes sociais<\/a>, pode incluir informa\u00e7\u00f5es de contato ou \u00edcones de redes sociais na capa.<\/p>\n\n\n<ul class=\" wp-block-list eplus-wrapper eplus-styles-uid-f4a283\">\n<li class=\" eplus-wrapper\"><strong>Call to Action (CTA)<\/strong><\/li>\n<\/ul>\n\n\n<p class=\" eplus-wrapper\">Se voc\u00ea deseja que os visitantes realizem uma a\u00e7\u00e3o espec\u00edfica, como se inscrever em uma newsletter ou visitar seu site, inclua um CTA claro na capa.<\/p>\n\n\n<div class=\"wp-block-image \">\n<figure class=\"aligncenter size-large is-resized eplus-wrapper\"><img loading=\"lazy\" decoding=\"async\" width=\"2460\" height=\"936\" src=\"https:\/\/siteimages.simplified.com\/blog\/3-6-1.png?auto=compress&fm=png\" alt=\"Call to Action\" class=\"wp-image-14297\" style=\"aspect-ratio:2.628205128205128;width:454px;height:auto\"\/><\/figure>\n<\/div>\n\n\n<p class=\" has-text-align-center eplus-wrapper\">Fonte: Simplified<\/p>\n\n\n\n<h2 class=\" wp-block-heading eplus-wrapper\" id=\"h-como-criar-uma-capa-para-facebook-passo-a-passo\"><strong>Como Criar uma Capa para Facebook | Passo a Passo<\/strong><\/h2>\n\n\n\n<p class=\" eplus-wrapper\">Agora que voc\u00ea entende a import\u00e2ncia da capa de Facebook na sua comunica\u00e7\u00e3o visual, vamos mergulhar no processo de cria\u00e7\u00e3o.<\/p>\n\n\n\n<p class=\" eplus-wrapper\">O Simplified torna esse processo simples e eficaz com um conjunto de <a href=\"https:\/\/simplified.com\/pt-blog\/design\/10-melhores-ferramentas-de-design-grafico\/\" rel=\"noreferrer noopener\" target=\"_blank\">ferramentas de design<\/a> intuitivas.<\/p>\n\n\n\n<p class=\" eplus-wrapper\">Vamos gui\u00e1-lo passo a passo para criar a capa perfeita:<\/p>\n\n\n\n<p class=\" eplus-wrapper\"><strong>Passo 1: Acesse o Simplified de Design Gr\u00e1fico<\/strong><\/p>\n\n\n\n<p class=\" eplus-wrapper\">Para come\u00e7ar, acesse a <a href=\"https:\/\/simplified.com\/pt-graphic-design-features\" rel=\"noreferrer noopener\" target=\"_blank\">plataforma de design gr\u00e1fico<\/a> do Simplified. Se voc\u00ea ainda n\u00e3o a possui, pode se inscrever gratuitamente e come\u00e7ar a criar suas capas de Facebook imediatamente.<\/p>\n\n\n<div class=\"wp-block-image \">\n<figure class=\"aligncenter size-large is-resized eplus-wrapper\"><img loading=\"lazy\" decoding=\"async\" width=\"1341\" height=\"627\" src=\"https:\/\/siteimages.simplified.com\/blog\/image-2024-01-12T152218.428-1.png?auto=compress&fm=png\" alt=\"Como Criar uma Capa para Facebook | Passo a Passo\" class=\"wp-image-14298\" style=\"aspect-ratio:2.138755980861244;width:470px;height:auto\"\/><\/figure>\n<\/div>\n\n\n<p class=\" has-text-align-center eplus-wrapper\">Fonte: Simplified<\/p>\n\n\n\n<p class=\" eplus-wrapper\"><strong>Passo 2: Pesquise por &#8220;Facebook Cover&#8221;<\/strong><\/p>\n\n\n\n<p class=\" eplus-wrapper\">Ap\u00f3s acessar a plataforma, v\u00e1 at\u00e9 a barra de pesquisa em &#8220;Templates&#8221; e digite &#8220;Facebook Cover&#8221;. Isso o levar\u00e1 a uma sele\u00e7\u00e3o de modelos de capa de Facebook prontos para personaliza\u00e7\u00e3o.<\/p>\n\n\n<div class=\"wp-block-image \">\n<figure class=\"aligncenter size-large is-resized eplus-wrapper\"><img loading=\"lazy\" decoding=\"async\" width=\"1200\" height=\"800\" src=\"https:\/\/siteimages.simplified.com\/blog\/1-4-1.png?auto=compress&fm=png\" alt=\"Pesquise por &quot;Facebook Cover&quot;\" class=\"wp-image-14299\" style=\"aspect-ratio:1.5;width:372px;height:auto\"\/><\/figure>\n<\/div>\n\n\n<p class=\" has-text-align-center eplus-wrapper\">Fonte: Simplified<\/p>\n\n\n\n<p class=\" eplus-wrapper\"><strong>Passo 3: Explore a Extensa Galeria de Templates<\/strong><\/p>\n\n\n\n<p class=\" eplus-wrapper\">Voc\u00ea encontrar\u00e1 uma galeria de templates de capa de Facebook organizados por nicho, t\u00f3pico e palavra-chave.<\/p>\n\n\n\n<p class=\" eplus-wrapper\">Isso facilita a escolha de um modelo que se adapte ao estilo da sua marca ou ao prop\u00f3sito da sua capa.<\/p>\n\n\n<div class=\"wp-block-image \">\n<figure class=\"aligncenter size-large is-resized eplus-wrapper\"><img loading=\"lazy\" decoding=\"async\" width=\"1200\" height=\"800\" src=\"https:\/\/siteimages.simplified.com\/blog\/2-6-1.png?auto=compress&fm=png\" alt=\"Explore a Extensa Galeria de Templates\" class=\"wp-image-14300\" style=\"aspect-ratio:1.5;width:360px;height:auto\"\/><\/figure>\n<\/div>\n\n\n<p class=\" has-text-align-center eplus-wrapper\">Fonte: Simplified<\/p>\n\n\n\n<p class=\" eplus-wrapper\"><strong>Passo 4: Selecione um Template<\/strong><\/p>\n\n\n\n<p class=\" eplus-wrapper\">Assim que encontrar um template que goste, clique nele e selecione a op\u00e7\u00e3o &#8220;Use Template&#8221;. Isso abrir\u00e1 o editor do Simplified e importar\u00e1 o template escolhido.<\/p>\n\n\n<div class=\"wp-block-image \">\n<figure class=\"aligncenter size-large is-resized eplus-wrapper\"><img loading=\"lazy\" decoding=\"async\" width=\"1200\" height=\"800\" src=\"https:\/\/siteimages.simplified.com\/blog\/3-7-1.png?auto=compress&fm=png\" alt=\"Selecione um Template\" class=\"wp-image-14301\" style=\"aspect-ratio:1.5;width:362px;height:auto\"\/><\/figure>\n<\/div>\n\n\n<p class=\" has-text-align-center eplus-wrapper\">Fonte: Simplified<\/p>\n\n\n\n<p class=\" eplus-wrapper\"><strong>Passo 5: Edite Livremente<\/strong><\/p>\n\n\n\n<p class=\" eplus-wrapper\">Agora voc\u00ea est\u00e1 no editor do Simplified, onde pode personalizar a capa para Facebook de acordo com suas necessidades.<\/p>\n\n\n\n<p class=\" eplus-wrapper\">Edite o texto, as imagens, as cores e qualquer outro elemento do design. Voc\u00ea pode adicionar seu toque pessoal para a capa ser \u00fanica para a sua marca.<\/p>\n\n\n<div class=\"wp-block-image \">\n<figure class=\"aligncenter size-large is-resized eplus-wrapper\"><img loading=\"lazy\" decoding=\"async\" width=\"1200\" height=\"800\" src=\"https:\/\/siteimages.simplified.com\/blog\/4-4-1.png?auto=compress&fm=png\" alt=\"Edite Livremente\" class=\"wp-image-14302\" style=\"aspect-ratio:1.5;width:376px;height:auto\"\/><\/figure>\n<\/div>\n\n\n<p class=\" has-text-align-center eplus-wrapper\">Fonte: Simplified<\/p>\n\n\n\n<p class=\" eplus-wrapper\">O Simplified oferece uma ampla variedade de recursos de edi\u00e7\u00e3o, como ferramentas de texto, efeitos visuais, sobreposi\u00e7\u00f5es e muito mais.<\/p>\n\n\n\n<p class=\" eplus-wrapper\">Tudo isso est\u00e1 dispon\u00edvel gratuitamente para ajud\u00e1-lo a criar a capa perfeita.<\/p>\n\n\n\n<h3 class=\" wp-block-heading eplus-wrapper\" id=\"h-qual-e-o-tamanho-da-foto-de-perfil-do-instagram\">Qual \u00e9 o Tamanho da Foto de Perfil do Instagram?<\/h3>\n\n\n\n<p class=\" eplus-wrapper\">No mundo das m\u00eddias sociais, a<a href=\"https:\/\/simplified.com\/pt-blog\/design\/tamanho-de-imagem-para-instagram\/\" rel=\"noreferrer noopener\" target=\"_blank\"> imagem de perfil do Instagram<\/a> \u00e9 uma parte essencial da sua presen\u00e7a online. Para garantir que a sua foto de perfil seja exibida com a melhor qualidade, \u00e9 importante conhecer as dimens\u00f5es corretas.<\/p>\n\n\n\n<p class=\" eplus-wrapper\">O Instagram permite que voc\u00ea carregue uma imagem de perfil com um tamanho m\u00ednimo de 110 x 110 pixels.<\/p>\n\n\n\n<p class=\" eplus-wrapper\">No entanto, para obter a melhor qualidade e nitidez, \u00e9 recomend\u00e1vel usar uma imagem com um tamanho padr\u00e3o de 720 x 720 pixels.<\/p>\n\n\n\n<p class=\" eplus-wrapper\">Lembre-se tamb\u00e9m de que o Instagram exibe a foto de perfil na forma de um c\u00edrculo, portanto, certifique-se de que seu design principal esteja bem no centro para uma apar\u00eancia impec\u00e1vel.<\/p>\n\n\n\n<h2 class=\" wp-block-heading eplus-wrapper\" id=\"h-impulsione-seus-designs-de-redes-sociais\">Impulsione seus designs de redes sociais<\/h2>\n\n\n\n<p class=\" eplus-wrapper\">Se voc\u00ea estiver pronto para come\u00e7ar a criar sua capa para Facebook incr\u00edvel, n\u00e3o hesite em acessar o Simplified e experimentar os modelos de capa gratuitos.<\/p>\n\n\n<div class=\"wp-block-image \">\n<figure class=\"aligncenter size-large is-resized eplus-wrapper\"><img loading=\"lazy\" decoding=\"async\" width=\"1344\" height=\"635\" src=\"https:\/\/siteimages.simplified.com\/blog\/image-2024-01-12T152251.543-1.png?auto=compress&fm=png\" alt=\"Impulsione seus designs de redes sociais\" class=\"wp-image-14303\" style=\"aspect-ratio:2.116535433070866;width:446px;height:auto\"\/><\/figure>\n<\/div>\n\n\n<div style=\"height:35px\" aria-hidden=\"true\" class=\" wp-block-spacer eplus-wrapper\"><\/div>\n\n\n\n<div class=\"wp-block-stackable-call-to-action stk-block-call-to-action stk-block stk-10afd2c stk-block-background is-style-default stk--has-background-overlay\" data-v=\"2\" data-block-id=\"10afd2c\"><style>.stk-10afd2c{background-image:url(https:\/\/siteimages.simplified.com\/blog\/light-bg.png?auto=format&amp;ixlib=php-3.3.1) !important;border-radius:32px !important;overflow:hidden !important;margin-bottom:25px !important}.stk-10afd2c-container{background-color:#ffffffb3 !important;border-radius:30px !important;overflow:hidden !important;box-shadow:0px 70px 90px -20px rgba(72,73,121,0.30) !important}.stk-10afd2c-container:before{background-color:#ffffffb3 !important}<\/style><div class=\"stk-block-call-to-action__content stk-content-align stk-10afd2c-column stk-container stk-10afd2c-container\"><div class=\"has-text-align-center stk-block-content stk-inner-blocks stk-10afd2c-inner-blocks\"><h2 class=\" wp-block-heading has-black-color has-text-color has-large-font-size eplus-wrapper eplus-styles-uid-2ce6e3\" id=\"h-crie-sua-capa-para-facebook-com-o-simplified\">Crie sua capa para Facebook com o Simplified<\/h2>\n\n\n<div class=\"wp-block-stackable-button-group stk-block-button-group stk-block stk-fd6910d\" data-block-id=\"fd6910d\"><div class=\"stk-row stk-inner-blocks stk-block-content stk-button-group\">\n<div class=\"wp-block-stackable-button stk-block-button is-style-ghost stk-block stk-bdf0184\" data-block-id=\"bdf0184\"><style>.stk-bdf0184 .stk-button{background:#fcb900 !important;border-top-left-radius:8px !important;border-top-right-radius:8px !important;border-bottom-right-radius:8px !important;border-bottom-left-radius:8px !important}.stk-bdf0184 .stk-button:hover:after{background:transparent !important;opacity:1 !important}:where(.stk-hover-parent:hover,.stk-hover-parent.stk--is-hovered) .stk-bdf0184 .stk-button:after{background:transparent !important;opacity:1 !important}.stk-bdf0184 .stk-button:before{box-shadow:none !important;border-style:solid !important;border-color:#000000 !important;border-top-width:2px !important;border-right-width:2px !important;border-bottom-width:2px !important;border-left-width:2px !important}.stk-bdf0184 .stk-button__inner-text{color:#000000 !important;font-weight:bold !important}<\/style><a class=\"stk-link stk-button stk--hover-effect-darken\" href=\"https:\/\/app.simplified.com\/design\" target=\"_blank\" rel=\"noreferrer noopener\"><span class=\"has-text-color has-black-color stk-button__inner-text\">Comece gratuitamente<\/span><\/a><\/div>\n<\/div><\/div>\n<\/div><\/div><\/div>\n","protected":false},"excerpt":{"rendered":"<p>Uma capa para Facebook desempenha um papel importante na personaliza\u00e7\u00e3o de seu perfil ou p\u00e1gina na plataforma de m\u00eddia social mais popular do mundo. Se voc\u00ea est\u00e1 gerenciando um perfil pessoal ou uma p\u00e1gina de neg\u00f3cios, entender como criar sua capa \u00e9 essencial para causar uma \u00f3tima primeira impress\u00e3o. Neste guia completo, iremos fornecer todas as informa\u00e7\u00f5es que voc\u00ea precisa sobre as capas do Facebook, desde o tamanho correto at\u00e9 dicas para projet\u00e1-las de maneira eficaz. Al\u00e9m disso, apresentaremos um passo a passo pr\u00e1tico e simples de como criar a sua capa para Facebook! Se voc\u00ea deseja criar uma capa [&hellip;]<\/p>\n","protected":false},"author":16,"featured_media":14304,"comment_status":"open","ping_status":"closed","sticky":false,"template":"","format":"standard","meta":{"editor_plus_copied_stylings":"{}","fifu_image_url":"","fifu_image_alt":"","footnotes":""},"categories":[1472],"tags":[],"class_list":{"0":"post-14292","1":"post","2":"type-post","3":"status-publish","4":"format-standard","5":"has-post-thumbnail","7":"category-design","8":"post--single"},"featured_image_urls_v2":{"full":["https:\/\/siteimages.simplified.com\/blog\/Capa-para-Facebook-02-1.png?auto=compress&fm=png",3335,1667,false],"thumbnail":["https:\/\/siteimages.simplified.com\/blog\/Capa-para-Facebook-02-1.png?auto=compress&fit=crop&fm=png&h=150&w=150","150","150",true],"medium":["https:\/\/siteimages.simplified.com\/blog\/Capa-para-Facebook-02-1.png?auto=compress&fit=scale&fm=png&h=150&w=300",300,150,true],"medium_large":["https:\/\/siteimages.simplified.com\/blog\/Capa-para-Facebook-02-1.png?auto=compress&fit=scale&fm=png&h=384&w=768",768,384,true],"large":["https:\/\/siteimages.simplified.com\/blog\/Capa-para-Facebook-02-1.png?auto=compress&fit=scale&fm=png&h=512&w=1024",1024,512,true],"1536x1536":["https:\/\/siteimages.simplified.com\/blog\/Capa-para-Facebook-02-1.png?auto=compress&fit=scale&fm=png&h=768&w=1536",1536,768,true],"2048x2048":["https:\/\/siteimages.simplified.com\/blog\/Capa-para-Facebook-02-1.png?auto=compress&fit=scale&fm=png&h=1024&w=2048",2048,1024,true],"ceris-xxxs-1_1":["https:\/\/siteimages.simplified.com\/blog\/Capa-para-Facebook-02-1.png?auto=compress&fit=crop&fm=png&h=70&w=70",70,70,true],"ceris-xxs-4_3":["https:\/\/siteimages.simplified.com\/blog\/Capa-para-Facebook-02-1.png?auto=compress&fit=crop&fm=png&h=135&w=180",180,135,true],"ceris-xxs-1_1":["https:\/\/siteimages.simplified.com\/blog\/Capa-para-Facebook-02-1.png?auto=compress&fit=crop&fm=png&h=180&w=180",180,180,true],"ceris-xs-16_9 400x225":["https:\/\/siteimages.simplified.com\/blog\/Capa-para-Facebook-02-1.png?auto=compress&fit=crop&fm=png&h=225&w=400",400,225,true],"ceris-xs-4_3":["https:\/\/siteimages.simplified.com\/blog\/Capa-para-Facebook-02-1.png?auto=compress&fit=scale&fm=png&h=185&w=370",370,185,true],"ceris-xs-2_1":["https:\/\/siteimages.simplified.com\/blog\/Capa-para-Facebook-02-1.png?auto=compress&fit=crop&fm=png&h=200&w=400",400,200,true],"ceris-xs-1_1":["https:\/\/siteimages.simplified.com\/blog\/Capa-para-Facebook-02-1.png?auto=compress&fit=crop&fm=png&h=400&w=400",400,400,true],"ceris-xs-16_9":["https:\/\/siteimages.simplified.com\/blog\/Capa-para-Facebook-02-1.png?auto=compress&fit=crop&fm=png&h=338&w=600",600,338,true],"ceris-s-4_3":["https:\/\/siteimages.simplified.com\/blog\/Capa-para-Facebook-02-1.png?auto=compress&fit=crop&fm=png&h=450&w=600",600,450,true],"ceris-s-2_1":["https:\/\/siteimages.simplified.com\/blog\/Capa-para-Facebook-02-1.png?auto=compress&fit=crop&fm=png&h=300&w=600",600,300,true],"ceris-s-1_1":["https:\/\/siteimages.simplified.com\/blog\/Capa-para-Facebook-02-1.png?auto=compress&fit=crop&fm=png&h=600&w=600",600,600,true],"ceris-m-16_9":["https:\/\/siteimages.simplified.com\/blog\/Capa-para-Facebook-02-1.png?auto=compress&fit=crop&fm=png&h=450&w=800",800,450,true],"ceris-m-4_3":["https:\/\/siteimages.simplified.com\/blog\/Capa-para-Facebook-02-1.png?auto=compress&fit=crop&fm=png&h=600&w=800",800,600,true],"ceris-m-2_1":["https:\/\/siteimages.simplified.com\/blog\/Capa-para-Facebook-02-1.png?auto=compress&fit=crop&fm=png&h=400&w=800",800,400,true],"ceris-m-auto":["https:\/\/siteimages.simplified.com\/blog\/Capa-para-Facebook-02-1.png?auto=compress&fit=scale&fm=png&h=400&w=800",800,400,true],"ceris-l-16_9":["https:\/\/siteimages.simplified.com\/blog\/Capa-para-Facebook-02-1.png?auto=compress&fit=crop&fm=png&h=675&w=1200",1200,675,true],"ceris-l-4_3":["https:\/\/siteimages.simplified.com\/blog\/Capa-para-Facebook-02-1.png?auto=compress&fit=crop&fm=png&h=900&w=1200",1200,900,true],"ceris-l-2_1":["https:\/\/siteimages.simplified.com\/blog\/Capa-para-Facebook-02-1.png?auto=compress&fit=crop&fm=png&h=600&w=1200",1200,600,true],"ceris-xl-16_9":["https:\/\/siteimages.simplified.com\/blog\/Capa-para-Facebook-02-1.png?auto=compress&fit=crop&fm=png&h=900&w=1600",1600,900,true],"ceris-xl-4_3":["https:\/\/siteimages.simplified.com\/blog\/Capa-para-Facebook-02-1.png?auto=compress&fit=crop&fm=png&h=1200&w=1600",1600,1200,true],"ceris-xl-2_1":["https:\/\/siteimages.simplified.com\/blog\/Capa-para-Facebook-02-1.png?auto=compress&fit=crop&fm=png&h=800&w=1600",1600,800,true],"ceris-xxl":["https:\/\/siteimages.simplified.com\/blog\/Capa-para-Facebook-02-1.png?auto=compress&fit=crop&fm=png&h=1125&w=2000",2000,1125,true],"bdpp-medium":["https:\/\/siteimages.simplified.com\/blog\/Capa-para-Facebook-02-1.png?auto=compress&fit=crop&fm=png&h=480&w=640",640,480,true]},"post_excerpt_stackable_v2":"<p>Uma capa para Facebook desempenha um papel importante na personaliza\u00e7\u00e3o de seu perfil ou p\u00e1gina na plataforma de m\u00eddia social mais popular do mundo. Se voc\u00ea est\u00e1 gerenciando um perfil pessoal ou uma p\u00e1gina de neg\u00f3cios, entender como criar sua capa \u00e9 essencial para causar uma \u00f3tima primeira impress\u00e3o. Neste guia completo, iremos fornecer todas as informa\u00e7\u00f5es que voc\u00ea precisa sobre as capas do Facebook, desde o tamanho correto at\u00e9 dicas para projet\u00e1-las de maneira eficaz. Al\u00e9m disso, apresentaremos um passo a passo pr\u00e1tico e simples de como criar a sua capa para Facebook! Se voc\u00ea deseja criar uma capa&hellip;<\/p>\n","category_list_v2":"<a href=\"https:\/\/simplified.com\/pt-blog\/design\" rel=\"category tag\">Design<\/a>","author_info_v2":{"name":"Shubham Kulkarni","url":"https:\/\/simplified.com\/pt-blog\/author\/shubhamkulkarni"},"comments_num_v2":"0 comments","yoast_head":"<!-- This site is optimized with the Yoast SEO Premium plugin v21.4 (Yoast SEO v27.5) - https:\/\/yoast.com\/product\/yoast-seo-premium-wordpress\/ -->\n<title>Capa para Facebook: Tamanho, como criar e Templates Gratuitos | Simplified<\/title>\n<meta name=\"description\" content=\"Descubra o tamanho certo para capa para facebook, veja um passo a passo de como criar e explore diversos modelos de capa de facebook gratuitos. Crie a sua capa agora!\" \/>\n<meta name=\"robots\" content=\"index, follow, max-snippet:-1, max-image-preview:large, max-video-preview:-1\" \/>\n<link rel=\"canonical\" href=\"https:\/\/simplified.com\/pt\/blog\/design\/capa-para-facebook\" \/>\n<meta property=\"og:locale\" content=\"en_US\" \/>\n<meta property=\"og:type\" content=\"article\" \/>\n<meta property=\"og:title\" content=\"Capa para Facebook: Tamanho, como criar e Templates Gratuitos | Simplified | Blog Em Portugues | Simplified\" \/>\n<meta property=\"og:description\" content=\"Descubra o tamanho certo para capa para facebook, veja um passo a passo de como criar e explore diversos modelos de capa de facebook gratuitos. Crie a sua capa agora!\" \/>\n<meta property=\"og:url\" content=\"https:\/\/simplified.com\/pt\/blog\/design\/capa-para-facebook\" \/>\n<meta property=\"og:site_name\" content=\"Blog Em Portugues | Simplified\" \/>\n<meta property=\"article:publisher\" content=\"https:\/\/www.facebook.com\/sosimplified\" \/>\n<meta property=\"article:author\" content=\"https:\/\/www.facebook.com\/sosimplified\" \/>\n<meta property=\"article:published_time\" content=\"2024-01-13T17:00:00+00:00\" \/>\n<meta property=\"article:modified_time\" content=\"2025-06-20T11:46:09+00:00\" \/>\n<meta property=\"og:image\" content=\"https:\/\/siteimages.simplified.com\/blog\/Capa-para-Facebook-02-1.png?auto=compress&fm=png\" \/>\n\t<meta property=\"og:image:width\" content=\"3335\" \/>\n\t<meta property=\"og:image:height\" content=\"1667\" \/>\n\t<meta property=\"og:image:type\" content=\"image\/png\" \/>\n<meta name=\"author\" content=\"Shubham Kulkarni\" \/>\n<meta name=\"twitter:card\" content=\"summary_large_image\" \/>\n<meta name=\"twitter:creator\" content=\"@https:\/\/twitter.com\/sosimplified\" \/>\n<meta name=\"twitter:site\" content=\"@sosimplified\" \/>\n<meta name=\"twitter:label1\" content=\"Written by\" \/>\n\t<meta name=\"twitter:data1\" content=\"Shubham Kulkarni\" \/>\n\t<meta name=\"twitter:label2\" content=\"Est. reading time\" \/>\n\t<meta name=\"twitter:data2\" content=\"7 minutes\" \/>\n<!-- \/ Yoast SEO Premium plugin. -->","yoast_head_json":{"title":"Capa para Facebook: Tamanho, como criar e Templates Gratuitos | Simplified","description":"Descubra o tamanho certo para capa para facebook, veja um passo a passo de como criar e explore diversos modelos de capa de facebook gratuitos. Crie a sua capa agora!","robots":{"index":"index","follow":"follow","max-snippet":"max-snippet:-1","max-image-preview":"max-image-preview:large","max-video-preview":"max-video-preview:-1"},"canonical":"https:\/\/simplified.com\/pt\/blog\/design\/capa-para-facebook","og_locale":"en_US","og_type":"article","og_title":"Capa para Facebook: Tamanho, como criar e Templates Gratuitos | Simplified | Blog Em Portugues | Simplified","og_description":"Descubra o tamanho certo para capa para facebook, veja um passo a passo de como criar e explore diversos modelos de capa de facebook gratuitos. Crie a sua capa agora!","og_url":"https:\/\/simplified.com\/pt\/blog\/design\/capa-para-facebook","og_site_name":"Blog Em Portugues | Simplified","article_publisher":"https:\/\/www.facebook.com\/sosimplified","article_author":"https:\/\/www.facebook.com\/sosimplified","article_published_time":"2024-01-13T17:00:00+00:00","article_modified_time":"2025-06-20T11:46:09+00:00","og_image":[{"width":3335,"height":1667,"url":"https:\/\/siteimages.simplified.com\/blog\/Capa-para-Facebook-02-1.png?auto=compress&fm=png","type":"image\/png"}],"author":"Shubham Kulkarni","twitter_card":"summary_large_image","twitter_creator":"@https:\/\/twitter.com\/sosimplified","twitter_site":"@sosimplified","twitter_misc":{"Written by":"Shubham Kulkarni","Est. reading time":"7 minutes"},"schema":{"@context":"https:\/\/schema.org","@graph":[{"@type":"Article","@id":"https:\/\/simplified.com\/pt\/blog\/design\/capa-para-facebook#article","isPartOf":{"@id":"https:\/\/simplified.com\/pt-blog\/design\/capa-para-facebook"},"author":{"name":"Shubham Kulkarni","@id":"https:\/\/simplified.com\/pt-blog\/#\/schema\/person\/380385f9e96e19336e287c1b88d96c36"},"headline":"Capa para Facebook: Tamanho, como criar e Templates Gratuitos | Simplified","datePublished":"2024-01-13T17:00:00+00:00","dateModified":"2025-06-20T11:46:09+00:00","mainEntityOfPage":{"@id":"https:\/\/simplified.com\/pt-blog\/design\/capa-para-facebook"},"wordCount":1024,"commentCount":0,"publisher":{"@id":"https:\/\/simplified.com\/pt-blog\/#organization"},"image":{"@id":"https:\/\/simplified.com\/pt\/blog\/design\/capa-para-facebook#primaryimage"},"thumbnailUrl":"https:\/\/siteimages.simplified.com\/blog\/Capa-para-Facebook-02-1.png?auto=compress&fm=png","articleSection":["Design"],"inLanguage":"en-US","potentialAction":[{"@type":"CommentAction","name":"Comment","target":["https:\/\/simplified.com\/pt\/blog\/design\/capa-para-facebook#respond"]}]},{"@type":"WebPage","@id":"https:\/\/simplified.com\/pt-blog\/design\/capa-para-facebook","url":"https:\/\/simplified.com\/pt\/blog\/design\/capa-para-facebook","name":"Capa para Facebook: Tamanho, como criar e Templates Gratuitos | Simplified","isPartOf":{"@id":"https:\/\/simplified.com\/pt-blog\/#website"},"primaryImageOfPage":{"@id":"https:\/\/simplified.com\/pt\/blog\/design\/capa-para-facebook#primaryimage"},"image":{"@id":"https:\/\/simplified.com\/pt\/blog\/design\/capa-para-facebook#primaryimage"},"thumbnailUrl":"https:\/\/siteimages.simplified.com\/blog\/Capa-para-Facebook-02-1.png?auto=compress&fm=png","datePublished":"2024-01-13T17:00:00+00:00","dateModified":"2025-06-20T11:46:09+00:00","description":"Descubra o tamanho certo para capa para facebook, veja um passo a passo de como criar e explore diversos modelos de capa de facebook gratuitos. Crie a sua capa agora!","breadcrumb":{"@id":"https:\/\/simplified.com\/pt\/blog\/design\/capa-para-facebook#breadcrumb"},"inLanguage":"en-US","potentialAction":[{"@type":"ReadAction","target":["https:\/\/simplified.com\/pt\/blog\/design\/capa-para-facebook"]}]},{"@type":"ImageObject","inLanguage":"en-US","@id":"https:\/\/simplified.com\/pt\/blog\/design\/capa-para-facebook#primaryimage","url":"https:\/\/siteimages.simplified.com\/blog\/Capa-para-Facebook-02-1.png?auto=compress&fm=png","contentUrl":"https:\/\/siteimages.simplified.com\/blog\/Capa-para-Facebook-02-1.png?auto=compress&fm=png","width":3335,"height":1667,"caption":"Capa para Facebook"},{"@type":"BreadcrumbList","@id":"https:\/\/simplified.com\/pt\/blog\/design\/capa-para-facebook#breadcrumb","itemListElement":[{"@type":"ListItem","position":1,"name":"Lar","item":"https:\/\/simplified.com\/pt-blog\/"},{"@type":"ListItem","position":2,"name":"Design","item":"https:\/\/simplified.com\/pt-blog\/design"},{"@type":"ListItem","position":3,"name":"Capa para Facebook: Tamanho, como criar e Templates Gratuitos | Simplified"}]},{"@type":"WebSite","@id":"https:\/\/simplified.com\/pt-blog\/#website","url":"https:\/\/simplified.com\/pt-blog\/","name":"Blog Em Portugues | Simplified","description":"Tudo AI - design gr\u00e1fico, edi\u00e7\u00e3o de v\u00eddeo, direitos autorais, m\u00eddia social com simplificado","publisher":{"@id":"https:\/\/simplified.com\/pt-blog\/#organization"},"potentialAction":[{"@type":"SearchAction","target":{"@type":"EntryPoint","urlTemplate":"https:\/\/simplified.com\/pt-blog\/?s={search_term_string}"},"query-input":{"@type":"PropertyValueSpecification","valueRequired":true,"valueName":"search_term_string"}}],"inLanguage":"en-US"},{"@type":"Organization","@id":"https:\/\/simplified.com\/pt-blog\/#organization","name":"Simplified","url":"https:\/\/simplified.com\/pt-blog\/","logo":{"@type":"ImageObject","inLanguage":"en-US","@id":"https:\/\/simplified.com\/pt-blog\/#\/schema\/logo\/image\/","url":"https:\/\/pt-blog.simplified.com\/wp-content\/uploads\/2021\/08\/Simplified-logo-small.jpeg","contentUrl":"https:\/\/pt-blog.simplified.com\/wp-content\/uploads\/2021\/08\/Simplified-logo-small.jpeg","width":200,"height":200,"caption":"Simplified"},"image":{"@id":"https:\/\/simplified.com\/pt-blog\/#\/schema\/logo\/image\/"},"sameAs":["https:\/\/www.facebook.com\/sosimplified","https:\/\/x.com\/sosimplified","https:\/\/www.instagram.com\/simplified.app\/","https:\/\/www.linkedin.com\/company\/sosimplified\/","https:\/\/www.tiktok.com\/@sosimplified","https:\/\/www.youtube.com\/c\/sosimplified"]},{"@type":"Person","@id":"https:\/\/simplified.com\/pt-blog\/#\/schema\/person\/380385f9e96e19336e287c1b88d96c36","name":"Shubham Kulkarni","image":{"@type":"ImageObject","inLanguage":"en-US","@id":"https:\/\/secure.gravatar.com\/avatar\/7395ef05837ac643912e62e841164b251ff9d4709c54129d6cba4d3eaac96679?s=96&d=mm&r=g","url":"https:\/\/secure.gravatar.com\/avatar\/7395ef05837ac643912e62e841164b251ff9d4709c54129d6cba4d3eaac96679?s=96&d=mm&r=g","contentUrl":"https:\/\/secure.gravatar.com\/avatar\/7395ef05837ac643912e62e841164b251ff9d4709c54129d6cba4d3eaac96679?s=96&d=mm&r=g","caption":"Shubham Kulkarni"},"description":"Design, Write, Edit videos, and Publish Content. Built For Teams.","sameAs":["https:\/\/simplified.com","https:\/\/www.facebook.com\/sosimplified","https:\/\/www.instagram.com\/simplified.app\/","https:\/\/www.linkedin.com\/company\/sosimplified\/","https:\/\/x.com\/https:\/\/twitter.com\/sosimplified"],"url":"https:\/\/simplified.com\/pt-blog\/author\/shubhamkulkarni"}]}},"_links":{"self":[{"href":"https:\/\/pt-blog.simplified.com\/pt-blog\/wp-json\/wp\/v2\/posts\/14292","targetHints":{"allow":["GET"]}}],"collection":[{"href":"https:\/\/pt-blog.simplified.com\/pt-blog\/wp-json\/wp\/v2\/posts"}],"about":[{"href":"https:\/\/pt-blog.simplified.com\/pt-blog\/wp-json\/wp\/v2\/types\/post"}],"author":[{"embeddable":true,"href":"https:\/\/pt-blog.simplified.com\/pt-blog\/wp-json\/wp\/v2\/users\/16"}],"replies":[{"embeddable":true,"href":"https:\/\/pt-blog.simplified.com\/pt-blog\/wp-json\/wp\/v2\/comments?post=14292"}],"version-history":[{"count":0,"href":"https:\/\/pt-blog.simplified.com\/pt-blog\/wp-json\/wp\/v2\/posts\/14292\/revisions"}],"wp:featuredmedia":[{"embeddable":true,"href":"https:\/\/pt-blog.simplified.com\/pt-blog\/wp-json\/wp\/v2\/media\/14304"}],"wp:attachment":[{"href":"https:\/\/pt-blog.simplified.com\/pt-blog\/wp-json\/wp\/v2\/media?parent=14292"}],"wp:term":[{"taxonomy":"category","embeddable":true,"href":"https:\/\/pt-blog.simplified.com\/pt-blog\/wp-json\/wp\/v2\/categories?post=14292"},{"taxonomy":"post_tag","embeddable":true,"href":"https:\/\/pt-blog.simplified.com\/pt-blog\/wp-json\/wp\/v2\/tags?post=14292"}],"curies":[{"name":"wp","href":"https:\/\/api.w.org\/{rel}","templated":true}]}}